{"provider_url": "https://antigo.joaopessoa.pb.leg.br", "title": "CMJP debate conscientiza\u00e7\u00e3o sobre psor\u00edase", "html": "<p align=\"center\" style=\"text-align: justify; \"><span>Uma sess\u00e3o especial foi realizada na manh\u00e3 desta sexta-feira (29), na C\u00e2mara Municipal de Jo\u00e3o Pessoa (CMJP), a fim de debater conscientiza\u00e7\u00e3o e pol\u00edticas p\u00fablicas para a preven\u00e7\u00e3o e o tratamento da psor\u00edase, uma doen\u00e7a inflamat\u00f3ria, cr\u00f4nica, imunomediada, sist\u00eamica e que acomete, principalmente a pele e as articula\u00e7\u00f5es. A discuss\u00e3o foi proposta pelo vereador Milanez Neto (PV), que presidiu os trabalhos. A solenidade contou com a participa\u00e7\u00e3o de profissionais de sa\u00fade, pacientes, ativistas e representantes de entidades que trabalham com a doen\u00e7a</span><span>\u00a0</span></p>\r\n<p style=\"text-align: justify; \">O Dia de Conscientiza\u00e7\u00e3o da Psor\u00edase \u00e9 anualmente lembrado em 29 de outubro. A psor\u00edase \u00e9 uma doen\u00e7a imune inflamat\u00f3ria cr\u00f4nica da pele e, apesar de trat\u00e1vel, ainda n\u00e3o tem cura, n\u00e3o \u00e9 contagiosa, e afeta aproximadamente 3% da popula\u00e7\u00e3o mundial. \u00c9 frequente tanto em homens quanto em mulheres, principalmente entre 20 e 40 anos, sendo caracterizada pela presen\u00e7a de les\u00f5es avermelhadas, bem delimitadas e descamativas, em qualquer parte do corpo.<span>\u00a0</span></p>\r\n<p style=\"text-align: justify; \">Milanez Neto destacou que a psor\u00edase \u00e9 alvo de muito preconceito e precisa ser tratada. \u201c\u00c9 um prazer abrir a Casa do povo para debater tema t\u00e3o importante. O preconceito assola nossa sociedade e a doen\u00e7a \u00e9 algo que mexe demais com o ser humano, ainda mais quando envolta em preconceito. Precisamos debater sobre pol\u00edticas de inclus\u00e3o e de esclarecimentos sobre a psor\u00edase \u201c, disse.<span>\u00a0</span></p>\r\n<p style=\"text-align: justify; \">A coordenadora do Centro de Refer\u00eancia de Apoio e Tratamento de Psor\u00edase na Para\u00edba, que fica no Hospital Universit\u00e1rio Lauro Wanderley (HULW), na Capital, a dermatologista Esther Bastos Palitot explicou que o Brasil, e o mundo, est\u00e3o voltados para a\u00e7\u00f5es de conscientiza\u00e7\u00e3o em rela\u00e7\u00e3o \u00e0 doen\u00e7a. Ela esclareceu que a psor\u00edase \u00e9 uma doen\u00e7a sist\u00eamica e fez uma ampla explana\u00e7\u00e3o sobre as conquistas da causa, tais como o sistema de informa\u00e7\u00e3o e amplia\u00e7\u00e3o do diagn\u00f3stico da doen\u00e7a; resolu\u00e7\u00e3o que considerou a psor\u00edase como uma doen\u00e7a cr\u00f4nica, n\u00e3o contagiosa, sem cura, mas com tratamento. A m\u00e9dica tamb\u00e9m destacou que o Centro de Refer\u00eancia recebe pacientes de toda Para\u00edba e de estados vizinhos e disponibiliza atendimento multidisciplinar. Ainda divulgou o livro \u2018Da ci\u00eancia ao cuidado: Saberes e pr\u00e1ticas em psor\u00edase\u2019, que est\u00e1 disponibilizado gratuitamente na internet.<span>\u00a0</span></p>\r\n<p style=\"text-align: justify; \"><span></span><img src=\"https://antigo.joaopessoa.pb.leg.br/imprensa/noticias/29.10.2021_SE_Psorase_ft_julianasantos102.JPG\" alt=\"\" class=\"image-inline\" title=\"\" /></p>\r\n<p style=\"text-align: justify; \">A presidente da Associa\u00e7\u00e3o dos Amigos e Portadores de Psor\u00edase, Tereza Cristina, fez um apelo aos poderes p\u00fablicos para obter apoio para esses pacientes que n\u00e3o t\u00eam condi\u00e7\u00f5es de se manterem na Capital. \u201cPrecisamos ajudar nossos irm\u00e3os que necessitam de alimenta\u00e7\u00e3o, rem\u00e9dios, exames e de um espa\u00e7o para permanecer na cidade enquanto estiverem em tratamento. Tamb\u00e9m precisamos de mais informa\u00e7\u00e3o para os gestores de sa\u00fade de nosso estado. Estou lutando para realizar no pr\u00f3ximo o \u2018Primeiro Semin\u00e1rio sobre Psor\u00edase para Secret\u00e1rios de Sa\u00fade\u2019\u201d, revelou. Ela ainda lembrou que o \u201cDia Municipal de Conscientiza\u00e7\u00e3o da Psor\u00edase\u201d foi institu\u00eddo pelo ent\u00e3o vereador Santino e que o vereador Tanilson Soares (Avante) tamb\u00e9m defende a causa.<span>\u00a0</span></p>\r\n<p style=\"text-align: justify; \">J\u00e1 a professora Val\u00e9ria Leite Soares, do Curso de Terapia Ocupacional \u2013 Campus I \u2013 Universidade Federal da Para\u00edba (UFPB), registrou que as pessoas com psor\u00edase enfrentam dificuldades nas atividades do dia a dia que se intensifica como sofrimento que afeta sua vida pessoal, social e profissional. \u201cTodos sofrem com o estigma causado pela falta de informa\u00e7\u00e3o sobre a doen\u00e7a. Precisamos de mais divulga\u00e7\u00e3o para que se entenda melhor a patologia e os pacientes, principalmente na Aten\u00e7\u00e3o B\u00e1sica de Sa\u00fade, para melhorar sua qualidade de vida\u201d, ressaltou.<span>\u00a0</span></p>\r\n<p style=\"text-align: justify; \">A vice-presidente da Associa\u00e7\u00e3o dos Amigos e Portadores de Psor\u00edase, Marilene Ferreira , contou um pouco sobre sua rotina de tratamento e as desventuras por ser portadora de psor\u00edase. \u201cTenho lutado muito contra esse preconceito e sempre estou esclarecendo que n\u00e3o h\u00e1 risco de cont\u00e1gio\u201d, enfatizou<span>\u00a0</span></p>\r\n<p style=\"text-align: justify; \"><b>Presidente da C\u00e2mara Municipal de Cubati participa da sess\u00e3o</b><span>\u00a0</span></p>\r\n<p style=\"text-align: justify; \">O presidente da C\u00e2mara Municipal de Cubati, no interior da Para\u00edba, e servidor do Centro de Refer\u00eancia de Apoio e Tratamento de Psor\u00edase na Para\u00edba Leandro de Souza falou sobre as dificuldades de diagn\u00f3sticos e de tratamento para os pacientes do interior. Ele revelou que tamb\u00e9m vai criar o \u2018Dia Municipal de Conscientiza\u00e7\u00e3o da Psor\u00edase em Cubati. \u201cNossa realidade em Cubati \u00e9 bem diferente dos grandes centros. L\u00e1 temos dificuldades de conhecimento profissional, al\u00e9m do complexo mecanismo para possibilitar o tratamento dos pacientes na Capital. Precisa haver uma repactua\u00e7\u00e3o, al\u00e9m de disponibiliza\u00e7\u00e3o de transporte e alimenta\u00e7\u00e3o para esse paciente. Parabenizo a todos que abra\u00e7am esta causa\u201d, comentou o vereador. Ele ainda informou que os profissionais de sa\u00fade do munic\u00edpio fizeram um treinamento em EAD sobre o assunto disponibilizado pelo Centro de Refer\u00eancia.\u00a0</p>\r\n<p style=\"text-align: justify; \"><span>\u00a0</span></p>\r\n<p style=\"text-align: justify; \">Assista \u00e0 sess\u00e3o especial na \u00edntegra <a href=\"https://www.youtube.com/watch?v=DHkW5-GPZho\">aqui</a>.</p>", "author_name": "Dami\u00e3o Rodrigues", "version": "1.0", "author_url": "https://antigo.joaopessoa.pb.leg.br/author/Dami\u00e3o Rodrigues", "provider_name": "C\u00e2mara Municipal de Jo\u00e3o Pessoa", "type": "rich"}