{"provider_url": "https://antigo.joaopessoa.pb.leg.br", "title": "Sa\u00fade passa a testar casos leves de Covid-19", "html": "<p>25.06.2020 \u00e0s 13h10<img src=\"https://antigo.joaopessoa.pb.leg.br/imprensa/saude/copy_of_CMJPCorona213.png\" alt=\"\" class=\"image-inline\" title=\"\" /></p>\r\n<p><em>O objetivo \u00e9 ampliar a testagem para todos os pacientes com casos leves da doen\u00e7a em todos os servi\u00e7os de sa\u00fade do SUS</em></p>\r\n<p style=\"text-align: justify; \">Com a amplia\u00e7\u00e3o da doen\u00e7a para o interior do pa\u00eds, o Minist\u00e9rio da Sa\u00fade passa a investir ainda mais na Aten\u00e7\u00e3o Prim\u00e1ria para a coleta e diagn\u00f3stico dos casos leves da doen\u00e7a. Com isso, as unidades sentinelas, que apoiam a vigil\u00e2ncia no pa\u00eds, passar\u00e3o a realizar o teste RT-PCR (molecular) em 100% dos casos de S\u00edndrome Gripal (SG). Anteriormente, eram coletadas cinco amostras respirat\u00f3rias por semana nessas unidades de monitoramento, al\u00e9m da rotina de coleta dos hospitais e outras unidades de sa\u00fade.</p>\r\n<p style=\"text-align: justify; \">Al\u00e9m disso, os servi\u00e7os de sa\u00fade que se credenciarem para a modalidade de Centros de Atendimento \u00e0 Covid-19 tamb\u00e9m poder\u00e3o coletar amostras de todos os casos leves. Desta forma, cerca de um quarto (22%) da popula\u00e7\u00e3o brasileira ser\u00e1 testada para a doen\u00e7a. Os Laborat\u00f3rios Centrais de Sa\u00fade P\u00fablica (LACENs) continuam processando as amostras em todas os estados, contudo, com a amplia\u00e7\u00e3o do grupo a ser testado, a demanda aumentar\u00e1 e, dessa forma, o excedente ser\u00e1 encaminhado para as Centrais de Testagem.</p>\r\n<p style=\"text-align: justify; \">Atualmente os casos de S\u00edndrome Respirat\u00f3ria Aguda Grave (SRAG), ou seja, casos graves internados e mortes, tinham prioridade na testagem na rede p\u00fablica de sa\u00fade pelo m\u00e9todo RT-PCR (molecular). Al\u00e9m disso, profissionais dos servi\u00e7os de sa\u00fade e seguran\u00e7a p\u00fablica assintom\u00e1ticos tamb\u00e9m poder\u00e3o ser testados pelo m\u00e9todo; antes, a recomenda\u00e7\u00e3o era realizar testes r\u00e1pidos (sorol\u00f3gicos) somente em pessoas sintom\u00e1ticas. A estrat\u00e9gia foi apresentada, nesta quarta-feira (24), em coletiva de imprensa no Pal\u00e1cio do Planalto, em Bras\u00edlia (DF).</p>\r\n<p style=\"text-align: justify; \">\u201cNas \u00faltimas semanas percebemos que a doen\u00e7a caminhava para o interior, com uma popula\u00e7\u00e3o que precisava ser assistida. Portanto, abre-se uma janela de oportunidade muito grande para fazermos a testagem da popula\u00e7\u00e3o brasileira, que mora e que vive nesses munic\u00edpios do interior do Brasil\u201d, declarou o secret\u00e1rio de Vigil\u00e2ncia em Sa\u00fade do Minist\u00e9rio da Sa\u00fade, Arnaldo Correia de Medeiros.</p>\r\n<p style=\"text-align: justify; \">Demais servi\u00e7os de sa\u00fade do SUS tamb\u00e9m ser\u00e3o contemplados com a possibilidade de coletar amostras de pacientes com s\u00edndrome gripal, contudo, a propor\u00e7\u00e3o ser\u00e1 definida de acordo com a capacidade de coleta de cada munic\u00edpio. Nesse caso, o Minist\u00e9rio da Sa\u00fade recomenda que sejam priorizados os seguintes grupos:</p>\r\n<div class=\"su-table\" style=\"text-align: justify; \">\r\n<table>\r\n<tbody>\r\n<tr class=\"su-even\">\r\n<td>\r\n<p><strong>\u00bb GRUPO 1:</strong>\u00a0trabalhadores de servi\u00e7os de sa\u00fade e seguran\u00e7a;</p>\r\n</td>\r\n</tr>\r\n<tr>\r\n<td>\r\n<p><strong>\u00bb GRUPO 2:</strong>\u00a0Condi\u00e7\u00f5es de risco - Idosos, cardiopatas, renais cr\u00f4nicos, imunodeprimidos, doen\u00e7as respirat\u00f3rias, diab\u00e9ticos e gestantes de alto risco;</p>\r\n</td>\r\n</tr>\r\n<tr class=\"su-even\">\r\n<td>\r\n<p><strong>\u00bb GRUPO 3:</strong>\u00a0Grupos de interesse para a sa\u00fade p\u00fablica - Crian\u00e7as menores de 2 anos, ind\u00edgenas, gestantes e pu\u00e9rperas;</p>\r\n</td>\r\n</tr>\r\n<tr>\r\n<td>\r\n<p><strong>\u00bb\u00a0 GRUPO 4:</strong>\u00a0Institui\u00e7\u00f5es de longa perman\u00eancia para idosos;</p>\r\n</td>\r\n</tr>\r\n<tr class=\"su-even\">\r\n<td>\r\n<p><strong>\u00bb GRUPO 5:</strong>\u00a0Popula\u00e7\u00e3o privada de liberdade.</p>\r\n</td>\r\n</tr>\r\n</tbody>\r\n</table>\r\n</div>\r\n<p style=\"text-align: justify; \">Outra novidade anunciada na ocasi\u00e3o diz respeito \u00e0 possibilidade da Vigil\u00e2ncia Epidemiol\u00f3gica local confirmar o caso de Covid-19 por outros meios, al\u00e9m do crit\u00e9rio laboratorial e cl\u00ednico epidemiol\u00f3gico, que \u00e9 feito quando o paciente tem hist\u00f3rico de contato com casos confirmados da doen\u00e7a. Somam-se a eles:\u00a0</p>\r\n<ul>\r\n<li style=\"text-align: justify; \"><strong>Crit\u00e9rio Cl\u00ednico/imagem \u2013</strong>\u00a0exame de tomografia do pulm\u00e3o;</li>\r\n<li style=\"text-align: justify; \"><strong>Crit\u00e9rio cl\u00ednico \u2013</strong>\u00a0an\u00e1lise dos sintomas da doen\u00e7a quando n\u00e3o houver possibilidade de confirma\u00e7\u00e3o por outros crit\u00e9rios.</li>\r\n</ul>\r\n<p>A novidade vai ao encontro dos protocolos j\u00e1 utilizados para diagn\u00f3stico de outras doen\u00e7as, uma vez que j\u00e1 s\u00e3o conhecidos os sintomas e caracter\u00edsticas da infec\u00e7\u00e3o pelo coronav\u00edrus.</p>\r\n<h2><strong>NOVOS TESTES SOROL\u00d3GICOS</strong></h2>\r\n<p style=\"text-align: justify; \">Entre as novidades apresentadas durante coletiva de imprensa, est\u00e1 ainda a inclus\u00e3o de teste sorol\u00f3gico realizado em ambiente laboratorial (ELISA ou ECLIA) para a a\u00e7\u00e3o Testa Brasil \u2013 que faz parte da estrat\u00e9gia Diagnosticar para Cuidar, que ainda prev\u00ea a a\u00e7\u00e3o Confirma Covid, com aplica\u00e7\u00e3o de testes moleculares em 24,5 milh\u00f5es de pessoas. Pelo Testa Brasil, o Minist\u00e9rio da Sa\u00fade pretende realizar 22 milh\u00f5es de testes sorol\u00f3gicos, que identificam resposta do organismo \u00e0 infec\u00e7\u00e3o pela Covid-19, ou seja, o anticorpo. Essa a\u00e7\u00e3o ajuda a entender a progress\u00e3o do v\u00edrus no pa\u00eds.</p>\r\n<p style=\"text-align: justify; \">\u201cO teste sorol\u00f3gico do tipo ELISA ou ECLIA traz como vantagem maior seguran\u00e7a e precis\u00e3o, por ser realizado em ambiente laboratorial. Isso garante maior rastreabilidade das amostras e inser\u00e7\u00e3o do resultado no sistema de Gerenciamento Laboratorial\u201d, explicou o secret\u00e1rio de Vigil\u00e2ncia em Sa\u00fade do Minist\u00e9rio da Sa\u00fade, Arnaldo Correia de Medeiros.</p>\r\n<p style=\"text-align: justify; \">Para isso, ser\u00e3o adquiridos 12 milh\u00f5es de testes sorol\u00f3gicos ELISA ou ECLIA que ser\u00e3o distribu\u00eddos aos Laborat\u00f3rios Centrais de Sa\u00fade P\u00fablica (LACENs) de todos os estados. A essa estrat\u00e9gia soma-se os 10 milh\u00f5es de testes r\u00e1pidos (imunocromatografia) j\u00e1 distribu\u00eddos aos estados pelo Minist\u00e9rio da Sa\u00fade.</p>\r\n<h2 style=\"text-align: justify; \"><strong>PARCERIAS DO MINIST\u00c9RIO DA SA\u00daDE</strong></h2>\r\n<p style=\"text-align: justify; \">Os centros para testagem em massa da Covid-19 j\u00e1 come\u00e7aram a operar no pa\u00eds. Desde o dia 29 de maio, o laborat\u00f3rio DASA tem realizado exames para o SUS. At\u00e9 esta ter\u00e7a-feira (23), foram realizados, por meio da parceria, 16,9 mil testes moleculares, sendo que 15,8 mil resultados j\u00e1 foram finalizados. Atualmente, a DASA realiza 3,5 mil exames por dia, mas a capacidade m\u00e1xima planejada \u00e9 de at\u00e9 30 mil exames dia at\u00e9 o final do prazo de execu\u00e7\u00e3o da parceria.</p>\r\n<p style=\"text-align: justify; \">A Funda\u00e7\u00e3o Oswaldo Cruz (Fiocruz) possui dois centros de testagem com capacidade de realizar 7,5 mil exames por dia. A unidade do Paran\u00e1 realiza, neste momento, 5 mil testes por dia e a unidade do Rio de Janeiro est\u00e1 atuando com 2,5 mil testes diariamente. Em breve, a unidade da Fiocruz no Cear\u00e1 tamb\u00e9m estar\u00e1 apta para colaborar.</p>\r\n<p style=\"text-align: justify; \"><a class=\"link2-egov\" href=\"http://www.saude.gov.br/coronavirus\">Saiba mais sobre coronav\u00edrus acessando nossa p\u00e1gina especializada</a></p>\r\n<p style=\"text-align: justify; \"><em>Por Vanessa Aquino da Ag\u00eancia Sa\u00fade</em></p>\r\n<p style=\"text-align: justify; \"><em>Arte: Ben\u00e9 Lima</em></p>", "author_name": "", "version": "1.0", "author_url": "https://antigo.joaopessoa.pb.leg.br/author/damiaorodrigues", "provider_name": "C\u00e2mara Municipal de Jo\u00e3o Pessoa", "type": "rich"}